{"id":17181,"date":"2026-04-27T20:30:01","date_gmt":"2026-04-27T20:30:01","guid":{"rendered":"https:\/\/alumnipucv.cl\/?p=17181"},"modified":"2026-04-27T20:35:05","modified_gmt":"2026-04-27T20:35:05","slug":"ceremonia-camino-al-centenario","status":"publish","type":"post","link":"https:\/\/alumnipucv.cl\/?p=17181","title":{"rendered":"Camino al Centenario: Ceremonia de reencuentro y reconocimiento"},"content":{"rendered":"\n<p>En el marco de las celebraciones rumbo a nuestro primer centenario como Universidad, reconocemos con orgullo que su historia y desarrollo han sido construidos gracias al valioso aporte de sus titulados, colaboradores, acad\u00e9micos e investigadores.<\/p>\n\n\n\n<p>Por ello, la Rector\u00eda, a trav\u00e9s de la Red Alumni PUCV, ha decidido rendir un especial homenaje a sus titulados y graduados, quienes han sido fundamentales no solo en el crecimiento de la instituci\u00f3n, sino tambi\u00e9n en su contribuci\u00f3n a la sociedad. En este contexto, se convoca a las generaciones que en 2026 cumplen 50, 40, 30 y 20 a\u00f1os desde su ingreso a la Universidad.<\/p>\n\n\n\n<p>Esperamos contar con la participaci\u00f3n de quienes celebran este importante hito, en la segunda jornada de reconocimiento Alumni Centenario, que se realizar\u00e1 durante el segundo semestre de 2026.<\/p>\n\n\n\n<p>Confiamos en que esta instancia de reconocimiento y reencuentro con antiguos compa\u00f1eros de generaci\u00f3n ser\u00e1 una significativa oportunidad, marcada por el simbolismo y la celebraci\u00f3n del v\u00ednculo profundo y permanente que nos une como Red de titulados.<\/p>\n\n\n\n<p>Pr\u00f3ximamente compartiremos m\u00e1s informaci\u00f3n sobre esta actividad. \u00a1Les esperamos!<\/p>\n\n\n\n<p><em>Direcci\u00f3n de Empleabilidad y Red Alumni<\/em><\/p>\n","protected":false},"excerpt":{"rendered":"<p>En el marco de las celebraciones rumbo a nuestro primer centenario como Universidad, reconocemos con orgullo que su historia y desarrollo han sido construidos gracias al valioso aporte de sus titulados, colaboradores, acad\u00e9micos e investigadores. Por ello, la Rector\u00eda, a trav\u00e9s de la Red Alumni PUCV, ha decidido rendir un especial homenaje a sus titulados [&hellip;]<\/p>\n","protected":false},"author":4,"featured_media":17182,"comment_status":"open","ping_status":"open","sticky":false,"template":"","format":"standard","meta":{"footnotes":""},"categories":[10],"tags":[],"class_list":["post-17181","post","type-post","status-publish","format-standard","has-post-thumbnail","hentry","category-noticias"],"_links":{"self":[{"href":"https:\/\/alumnipucv.cl\/index.php?rest_route=\/wp\/v2\/posts\/17181","targetHints":{"allow":["GET"]}}],"collection":[{"href":"https:\/\/alumnipucv.cl\/index.php?rest_route=\/wp\/v2\/posts"}],"about":[{"href":"https:\/\/alumnipucv.cl\/index.php?rest_route=\/wp\/v2\/types\/post"}],"author":[{"embeddable":true,"href":"https:\/\/alumnipucv.cl\/index.php?rest_route=\/wp\/v2\/users\/4"}],"replies":[{"embeddable":true,"href":"https:\/\/alumnipucv.cl\/index.php?rest_route=%2Fwp%2Fv2%2Fcomments&post=17181"}],"version-history":[{"count":3,"href":"https:\/\/alumnipucv.cl\/index.php?rest_route=\/wp\/v2\/posts\/17181\/revisions"}],"predecessor-version":[{"id":17185,"href":"https:\/\/alumnipucv.cl\/index.php?rest_route=\/wp\/v2\/posts\/17181\/revisions\/17185"}],"wp:featuredmedia":[{"embeddable":true,"href":"https:\/\/alumnipucv.cl\/index.php?rest_route=\/wp\/v2\/media\/17182"}],"wp:attachment":[{"href":"https:\/\/alumnipucv.cl\/index.php?rest_route=%2Fwp%2Fv2%2Fmedia&parent=17181"}],"wp:term":[{"taxonomy":"category","embeddable":true,"href":"https:\/\/alumnipucv.cl\/index.php?rest_route=%2Fwp%2Fv2%2Fcategories&post=17181"},{"taxonomy":"post_tag","embeddable":true,"href":"https:\/\/alumnipucv.cl\/index.php?rest_route=%2Fwp%2Fv2%2Ftags&post=17181"}],"curies":[{"name":"wp","href":"https:\/\/api.w.org\/{rel}","templated":true}]}}