{"id":18457,"date":"2026-09-01T19:38:04","date_gmt":"2026-09-01T19:38:04","guid":{"rendered":"https:\/\/alumnipucv.cl\/?p=18457"},"modified":"2026-09-01T19:38:04","modified_gmt":"2026-09-01T19:38:04","slug":"natalia-orellana-alumni-de-periodismo-pucv-lleva-una-voz-latinoamericana-a-las-discusiones-internacionales-sobre-el-futuro-del-trabajo","status":"publish","type":"post","link":"https:\/\/alumnipucv.cl\/?p=18457","title":{"rendered":"Natalia Orellana, Alumni de Periodismo PUCV, lleva una voz latinoamericana a las discusiones internacionales sobre el futuro del trabajo"},"content":{"rendered":"\n<p class=\"wp-block-paragraph\">Como integrante del directorio del International Centre for Career Development and Public Policy (ICCDPP), Natalia Orellana, alumni de Periodismo PUCV, participa actualmente en uno de los principales espacios internacionales de discusi\u00f3n sobre pol\u00edticas p\u00fablicas de desarrollo de carrera y preparaci\u00f3n para el trabajo. Desde este rol, adem\u00e1s, integra el comit\u00e9 organizador del pr\u00f3ximo simposio internacional del organismo, que se realizar\u00e1 en Nueva Zelanda entre el 22 y 24 de noviembre, en conjunto con el Gobierno de Nueva Zelanda, a trav\u00e9s de su Comisi\u00f3n de Educaci\u00f3n Terciaria (TEC), la Careers and Transition Education Association (CATE) y la Career Development Association of New Zealand (CDANZ). El encuentro cuenta tambi\u00e9n con el apoyo de la Asociaci\u00f3n Mundial de Servicios de Empleo (WAPES) y del Grupo de Trabajo Interagencias sobre Orientaci\u00f3n Profesional (WGCG), integrado por organismos como la OCDE, la OIT, la UNESCO, la Comisi\u00f3n Europea, el CEDEFOP, la ETF y el Banco Mundial.<\/p>\n\n\n\n<p class=\"wp-block-paragraph\">En el marco de esta labor, Natalia ha impulsado la participaci\u00f3n de delegaciones latinoamericanas en el simposio y actualmente coordina la delegaci\u00f3n chilena que asistir\u00e1 al encuentro. Como parte de esta preparaci\u00f3n, envi\u00f3 el reporte oficial de Chile sobre pol\u00edticas p\u00fablicas de desarrollo de carrera, elaborado en colaboraci\u00f3n con el Consejo Nacional de Educaci\u00f3n (CNED), la Subsecretar\u00eda del Trabajo, el SENCE y Mariana Bargsted Aravena, acad\u00e9mica de la Universidad Diego Portales y directora alterna del N\u00facleo Milenio para la Evoluci\u00f3n del Trabajo. Su presencia en el directorio del ICCDPP adquiere adem\u00e1s un car\u00e1cter particular: es la \u00fanica representante hispanohablante en este espacio. \u00abSer la \u00fanica representante hispanohablante en este espacio es una responsabilidad y una oportunidad: me permite relevar, a nivel internacional, la importancia de considerar los aspectos idiosincr\u00e1ticos y culturales de Latinoam\u00e9rica\u00bb, comenta.<\/p>\n\n\n\n<p class=\"wp-block-paragraph\">Su llegada al directorio del ICCDPP fue posible gracias a la nominaci\u00f3n de su director ejecutivo, John MacCarthy, y a la posterior ratificaci\u00f3n del directorio, como resultado de una trayectoria de m\u00e1s de una d\u00e9cada dedicada a promover iniciativas de colaboraci\u00f3n nacional e internacional en torno al empleo y el desarrollo de carrera. Un hito especialmente relevante fue la creaci\u00f3n del Encuentro Bienal de Educaci\u00f3n Superior y Mundo del Trabajo (BIESTRA), foro latinoamericano que desde 2011 ha impulsado la discusi\u00f3n sobre la necesidad de contar con estrategias basadas en evidencia para favorecer las transiciones desde la educaci\u00f3n hacia el mundo laboral. A esto se suma su especializaci\u00f3n acad\u00e9mica en mecanismos de fortalecimiento de la empleabilidad, particularmente en educaci\u00f3n para la carrera y orientaci\u00f3n profesional.<\/p>\n\n\n\n<p class=\"wp-block-paragraph\">Desde fundaci\u00f3n OCIDES, Natalia ha continuado trabajando para promover en Chile una pol\u00edtica o estrategia nacional de desarrollo de carrera y orientaci\u00f3n a lo largo de la vida. Para la Alumni, integrar el directorio del ICCDPP representa tambi\u00e9n un reconocimiento a ese trabajo y una oportunidad para posicionar las particularidades de la realidad latinoamericana en las discusiones internacionales. \u00abFormar parte del directorio del ICCDPP significa mucho para m\u00ed. Por un lado, lo veo como un respaldo clave al trabajo que hago desde Fundaci\u00f3n OCIDES para que en Chile tengamos una pol\u00edtica o estrategia nacional de desarrollo de carrera u orientaci\u00f3n a lo largo de la vida\u00bb, se\u00f1al\u00f3.<\/p>\n\n\n\n<p class=\"wp-block-paragraph\">El simposio que se desarrollar\u00e1 en Nueva Zelanda reunir\u00e1 a representantes de distintos pa\u00edses para compartir perspectivas, experiencias y buenas pr\u00e1cticas en tono a las pol\u00edticas p\u00fablicas de educaci\u00f3n y empleo. En un escenario marcado por la incertidumbre respecto del futuro del trabajo, el encuentro abordar\u00e1 desaf\u00edos como las competencias de empleabilidad, la inclusi\u00f3n laboral, la calidad de los servicios p\u00fablicos de empleo y la preparaci\u00f3n de profesionales capaces de acompa\u00f1ar a las personas en sus trayectorias laborales. \u00abEs el evento m\u00e1s relevante de su tipo a nivel internacional\u00bb destaca Natalia, que tambi\u00e9n releva la importancia de abordar estas materias desde una perspectiva multidimensional y de justicia social.<\/p>\n\n\n\n<p class=\"wp-block-paragraph\">En este contexto, uno de los focos de discusi\u00f3n ser\u00e1 el aporte que pueden realizar los sistemas nacionales de desarrollo de carrera para fortalecer la empleabilidad, mejorar los resultados de los sistemas educativos y de emple<\/p>\n\n\n\n<p class=\"wp-block-paragraph\"><em>Natalia Torres Correa<\/em><\/p>\n\n\n\n<p class=\"wp-block-paragraph\"><em>Direcci\u00f3n de Empleabilidad y Red Alumni<\/em><\/p>\n","protected":false},"excerpt":{"rendered":"<p>Como integrante del directorio del International Centre for Career Development and Public Policy (ICCDPP), Natalia Orellana, alumni de Periodismo PUCV, participa actualmente en uno de los principales espacios internacionales de discusi\u00f3n sobre pol\u00edticas p\u00fablicas de desarrollo de carrera y preparaci\u00f3n para el trabajo. Desde este rol, adem\u00e1s, integra el comit\u00e9 organizador del pr\u00f3ximo simposio internacional [&hellip;]<\/p>\n","protected":false},"author":4,"featured_media":18491,"comment_status":"open","ping_status":"open","sticky":false,"template":"","format":"standard","meta":{"footnotes":""},"categories":[17],"tags":[],"class_list":["post-18457","post","type-post","status-publish","format-standard","has-post-thumbnail","hentry","category-alumni-que-inspira"],"_links":{"self":[{"href":"https:\/\/alumnipucv.cl\/index.php?rest_route=\/wp\/v2\/posts\/18457","targetHints":{"allow":["GET"]}}],"collection":[{"href":"https:\/\/alumnipucv.cl\/index.php?rest_route=\/wp\/v2\/posts"}],"about":[{"href":"https:\/\/alumnipucv.cl\/index.php?rest_route=\/wp\/v2\/types\/post"}],"author":[{"embeddable":true,"href":"https:\/\/alumnipucv.cl\/index.php?rest_route=\/wp\/v2\/users\/4"}],"replies":[{"embeddable":true,"href":"https:\/\/alumnipucv.cl\/index.php?rest_route=%2Fwp%2Fv2%2Fcomments&post=18457"}],"version-history":[{"count":1,"href":"https:\/\/alumnipucv.cl\/index.php?rest_route=\/wp\/v2\/posts\/18457\/revisions"}],"predecessor-version":[{"id":18492,"href":"https:\/\/alumnipucv.cl\/index.php?rest_route=\/wp\/v2\/posts\/18457\/revisions\/18492"}],"wp:featuredmedia":[{"embeddable":true,"href":"https:\/\/alumnipucv.cl\/index.php?rest_route=\/wp\/v2\/media\/18491"}],"wp:attachment":[{"href":"https:\/\/alumnipucv.cl\/index.php?rest_route=%2Fwp%2Fv2%2Fmedia&parent=18457"}],"wp:term":[{"taxonomy":"category","embeddable":true,"href":"https:\/\/alumnipucv.cl\/index.php?rest_route=%2Fwp%2Fv2%2Fcategories&post=18457"},{"taxonomy":"post_tag","embeddable":true,"href":"https:\/\/alumnipucv.cl\/index.php?rest_route=%2Fwp%2Fv2%2Ftags&post=18457"}],"curies":[{"name":"wp","href":"https:\/\/api.w.org\/{rel}","templated":true}]}}