{"id":18465,"date":"2026-08-31T16:48:35","date_gmt":"2026-08-31T16:48:35","guid":{"rendered":"https:\/\/alumnipucv.cl\/?p=18465"},"modified":"2026-08-31T21:11:17","modified_gmt":"2026-08-31T21:11:17","slug":"encuentro-alumni-pucv-reunio-a-titulados-de-las-generaciones-2024-y-2025","status":"publish","type":"post","link":"https:\/\/alumnipucv.cl\/?p=18465","title":{"rendered":"Encuentro Alumni PUCV reuni\u00f3 a titulados de las generaciones 2024 y 2025"},"content":{"rendered":"\t\t<div data-elementor-type=\"wp-post\" data-elementor-id=\"18465\" class=\"elementor elementor-18465\" data-elementor-post-type=\"post\">\n\t\t\t\t<div class=\"elementor-element elementor-element-2cba4f35 e-flex e-con-boxed e-con e-parent\" data-id=\"2cba4f35\" data-element_type=\"container\" data-e-type=\"container\">\n\t\t\t\t\t<div class=\"e-con-inner\">\n\t\t\t\t<div class=\"elementor-element elementor-element-9eabcdd elementor-widget elementor-widget-text-editor\" data-id=\"9eabcdd\" data-element_type=\"widget\" data-e-type=\"widget\" data-widget_type=\"text-editor.default\">\n\t\t\t\t\t\t\t\t\t\n<p class=\"wp-block-paragraph\">El pasado viernes 28 de agosto se realiz\u00f3 el Encuentro Alumni PUCV de las generaciones 2024 y 2025, instancia que convoc\u00f3 a titulados y tituladas de distintas carreras de la Universidad con el prop\u00f3sito de&nbsp;<strong>acompa\u00f1arlos en sus primeros a\u00f1os de inserci\u00f3n laboral, conocer los principales desaf\u00edos que enfrentan en esta etapa y acercarles las distintas alternativas de apoyo que la PUCV pone a su disposici\u00f3n<\/strong>.<\/p>\n\n\n\n<p class=\"wp-block-paragraph\">La actividad, organizada por la Direcci\u00f3n de Empleabilidad y Red Alumni PUCV, busc\u00f3 adem\u00e1s generar un espacio cercano para&nbsp;<strong>resolver dudas relacionadas con el inicio de la trayectoria profesional, compartir experiencias y fortalecer las redes de contacto entre titulados<\/strong>, entendiendo que el v\u00ednculo con la Universidad contin\u00faa m\u00e1s all\u00e1 del egreso.<\/p>\n\n\n\n<p class=\"wp-block-paragraph\">Durante la jornada, Ang\u00e9lica Casaletti, directora de Empleabilidad y Red Alumni PUCV, present\u00f3 el trabajo que desarrolla la Direcci\u00f3n y las distintas iniciativas orientadas a acompa\u00f1ar a estudiantes y Alumni en sus trayectorias profesionales, dando a conocer las v\u00edas mediante las cuales los reci\u00e9n titulados pueden continuar vinculados con la Universidad y acceder a oportunidades y herramientas que contribuyan a su desarrollo profesional.<\/p>\n\n\n\n<p class=\"wp-block-paragraph\">En este contexto, tambi\u00e9n present\u00f3 el Programa Endowment PUCV, fondo permanente de la Universidad creado en 2023, cuyo prop\u00f3sito es contribuir de manera sostenible al financiamiento de iniciativas vinculadas a becas, investigaci\u00f3n y desarrollo institucional.<\/p>\n\n\n\n<p class=\"wp-block-paragraph\">Uno de los momentos centrales de la jornada fue un conversatorio dirigido especialmente a quienes se encuentran iniciando su trayectoria profesional.<strong>&nbsp;Valery Rodr\u00edguez<\/strong>, Alumni de Qu\u00edmica Industrial, y&nbsp;<strong>Marcela Nebreda<\/strong>, Alumni de Psicolog\u00eda, compartieron sus experiencias y entregaron recomendaciones en torno a los desaf\u00edos que implica incorporarse al mundo laboral, las distintas alternativas de desarrollo profesional y la importancia de construir y mantener redes de contacto.<\/p>\n\n\n\n<p class=\"wp-block-paragraph\">Para Valery Rodr\u00edguez, este tipo de encuentros constituye una oportunidad para orientar a quienes reci\u00e9n comienzan a construir su camino profesional. \u00abEs muy bueno para apoyar a aquellos j\u00f3venes que est\u00e1n reci\u00e9n saliendo y reci\u00e9n insert\u00e1ndose en el mundo laboral y mostrarles posibilidades tanto del mundo tradicional como tambi\u00e9n del emprendimiento\u00bb, coment\u00f3, destacando adem\u00e1s que \u00absiempre es un agrado volver a la Universidad\u00bb y compartir con quienes est\u00e1n comenzando esta etapa.<\/p>\n\n\n\n<p class=\"wp-block-paragraph\">El encuentro tambi\u00e9n permiti\u00f3&nbsp;<strong>escuchar directamente las inquietudes de los reci\u00e9n titulados y conocer aquellos \u00e1mbitos en los que requieren mayor orientaci\u00f3n y apoyo durante sus primeros a\u00f1os de desarrollo profesional<\/strong>. Jos\u00e9 Moraga, Alumni de Pedagog\u00eda en Filosof\u00eda, valor\u00f3 especialmente la posibilidad de generar v\u00ednculos y resolver dudas relacionadas con su inserci\u00f3n laboral. \u00abSiento que es una gran experiencia para poder conocer gente, compartir, aprender. De hecho, ciertas cosas que no sab\u00eda si estaban bien o mal, aqu\u00ed se me aclararon\u00bb, coment\u00f3.<\/p>\n\n\n\n<p class=\"wp-block-paragraph\">En la misma l\u00ednea, Marco Montenegro, Alumni de Ingenier\u00eda Comercial, destac\u00f3 el aporte de la instancia para quienes est\u00e1n enfrentando sus primeras experiencias profesionales. \u00abEl encuentro me pareci\u00f3 bueno, m\u00e1s que nada para los colegas que est\u00e1n buscando su primer trabajo o quienes estamos en nuestro primer trabajo, ver c\u00f3mo se est\u00e1 moviendo el mercado y qu\u00e9 fortalecer\u00bb, se\u00f1al\u00f3.<\/p>\n\n\n\n<p class=\"wp-block-paragraph\">La jornada finaliz\u00f3 con un espacio de camarader\u00eda y networking, donde los participantes pudieron continuar conversando, intercambiar experiencias y establecer nuevos contactos con Alumni de distintas carreras y generaciones.<\/p>\n\n\n\n<p class=\"wp-block-paragraph\">De esta manera, el Encuentro Alumni PUCV se consolid\u00f3 como una instancia de&nbsp;<strong>acompa\u00f1amiento a las nuevas generaciones de titulados<\/strong>, permitiendo no solo fortalecer su v\u00ednculo con la Universidad y ampliar sus redes profesionales, sino tambi\u00e9n identificar sus inquietudes y necesidades durante los primeros a\u00f1os de inserci\u00f3n laboral, con el objetivo de continuar desarrollando iniciativas y apoyos pertinentes para esta etapa de sus trayectorias.<\/p>\n\n\n\n<p class=\"wp-block-paragraph\"><em>Natalia Torres Correa<\/em><\/p>\n\n\n\n<p class=\"wp-block-paragraph\"><em>Direcci\u00f3n de Empleabilidad y Red Alumni<\/em><\/p>\n\t\t\t\t\t\t\t\t<\/div>\n\t\t\t\t\t<\/div>\n\t\t\t\t<\/div>\n\t\t<div class=\"elementor-element elementor-element-0712272 e-flex e-con-boxed e-con e-parent\" data-id=\"0712272\" data-element_type=\"container\" data-e-type=\"container\">\n\t\t\t\t\t<div class=\"e-con-inner\">\n\t\t\t\t<div class=\"elementor-element elementor-element-22fc0a1 elementor-arrows-position-inside elementor-pagination-position-outside elementor-widget elementor-widget-image-carousel\" data-id=\"22fc0a1\" data-element_type=\"widget\" data-e-type=\"widget\" data-settings=\"{&quot;slides_to_show&quot;:&quot;1&quot;,&quot;navigation&quot;:&quot;both&quot;,&quot;autoplay&quot;:&quot;yes&quot;,&quot;pause_on_hover&quot;:&quot;yes&quot;,&quot;pause_on_interaction&quot;:&quot;yes&quot;,&quot;autoplay_speed&quot;:5000,&quot;infinite&quot;:&quot;yes&quot;,&quot;effect&quot;:&quot;slide&quot;,&quot;speed&quot;:500}\" data-widget_type=\"image-carousel.default\">\n\t\t\t\t\t\t\t<div class=\"elementor-image-carousel-wrapper swiper\" role=\"region\" aria-roledescription=\"carousel\" aria-label=\"Carrusel de im\u00e1genes\" dir=\"ltr\">\n\t\t\t<div class=\"elementor-image-carousel swiper-wrapper\" aria-live=\"off\">\n\t\t\t\t\t\t\t\t<div class=\"swiper-slide\" role=\"group\" aria-roledescription=\"slide\" aria-label=\"1 de 7\"><figure class=\"swiper-slide-inner\"><img decoding=\"async\" class=\"swiper-slide-image lazyload\" data-src=\"https:\/\/alumnipucv.cl\/wp-content\/uploads\/2026\/08\/WhatsApp-Image-2026-08-31-at-14.33.03.jpeg\" alt=\"WhatsApp Image 2026-08-31 at 14.33.03\" src=\"data:image\/svg+xml;base64,PHN2ZyB3aWR0aD0iMSIgaGVpZ2h0PSIxIiB4bWxucz0iaHR0cDovL3d3dy53My5vcmcvMjAwMC9zdmciPjwvc3ZnPg==\" style=\"--smush-placeholder-width: 1280px; --smush-placeholder-aspect-ratio: 1280\/853;\" \/><\/figure><\/div><div class=\"swiper-slide\" role=\"group\" aria-roledescription=\"slide\" aria-label=\"2 de 7\"><figure class=\"swiper-slide-inner\"><img decoding=\"async\" class=\"swiper-slide-image lazyload\" data-src=\"https:\/\/alumnipucv.cl\/wp-content\/uploads\/2026\/08\/WhatsApp-Image-2026-08-31-at-14.33.04.jpeg\" alt=\"WhatsApp Image 2026-08-31 at 14.33.04\" src=\"data:image\/svg+xml;base64,PHN2ZyB3aWR0aD0iMSIgaGVpZ2h0PSIxIiB4bWxucz0iaHR0cDovL3d3dy53My5vcmcvMjAwMC9zdmciPjwvc3ZnPg==\" style=\"--smush-placeholder-width: 1280px; --smush-placeholder-aspect-ratio: 1280\/853;\" \/><\/figure><\/div><div class=\"swiper-slide\" role=\"group\" aria-roledescription=\"slide\" aria-label=\"3 de 7\"><figure class=\"swiper-slide-inner\"><img decoding=\"async\" class=\"swiper-slide-image lazyload\" data-src=\"https:\/\/alumnipucv.cl\/wp-content\/uploads\/2026\/08\/WhatsApp-Image-2026-08-31-at-14.33.05-1-1.jpeg\" alt=\"WhatsApp Image 2026-08-31 at 14.33.05 (1)\" src=\"data:image\/svg+xml;base64,PHN2ZyB3aWR0aD0iMSIgaGVpZ2h0PSIxIiB4bWxucz0iaHR0cDovL3d3dy53My5vcmcvMjAwMC9zdmciPjwvc3ZnPg==\" style=\"--smush-placeholder-width: 1280px; --smush-placeholder-aspect-ratio: 1280\/853;\" \/><\/figure><\/div><div class=\"swiper-slide\" role=\"group\" aria-roledescription=\"slide\" aria-label=\"4 de 7\"><figure class=\"swiper-slide-inner\"><img decoding=\"async\" class=\"swiper-slide-image lazyload\" data-src=\"https:\/\/alumnipucv.cl\/wp-content\/uploads\/2026\/08\/WhatsApp-Image-2026-08-31-at-14.33.05-2.jpeg\" alt=\"WhatsApp Image 2026-08-31 at 14.33.05\" src=\"data:image\/svg+xml;base64,PHN2ZyB3aWR0aD0iMSIgaGVpZ2h0PSIxIiB4bWxucz0iaHR0cDovL3d3dy53My5vcmcvMjAwMC9zdmciPjwvc3ZnPg==\" style=\"--smush-placeholder-width: 1280px; --smush-placeholder-aspect-ratio: 1280\/853;\" \/><\/figure><\/div><div class=\"swiper-slide\" role=\"group\" aria-roledescription=\"slide\" aria-label=\"5 de 7\"><figure class=\"swiper-slide-inner\"><img decoding=\"async\" class=\"swiper-slide-image lazyload\" data-src=\"https:\/\/alumnipucv.cl\/wp-content\/uploads\/2026\/08\/WhatsApp-Image-2026-08-31-at-16.05.52-1.jpeg\" alt=\"WhatsApp Image 2026-08-31 at 16.05.52 (1)\" src=\"data:image\/svg+xml;base64,PHN2ZyB3aWR0aD0iMSIgaGVpZ2h0PSIxIiB4bWxucz0iaHR0cDovL3d3dy53My5vcmcvMjAwMC9zdmciPjwvc3ZnPg==\" style=\"--smush-placeholder-width: 1280px; --smush-placeholder-aspect-ratio: 1280\/853;\" \/><\/figure><\/div><div class=\"swiper-slide\" role=\"group\" aria-roledescription=\"slide\" aria-label=\"6 de 7\"><figure class=\"swiper-slide-inner\"><img decoding=\"async\" class=\"swiper-slide-image lazyload\" data-src=\"https:\/\/alumnipucv.cl\/wp-content\/uploads\/2026\/08\/WhatsApp-Image-2026-08-31-at-16.05.52.jpeg\" alt=\"WhatsApp Image 2026-08-31 at 16.05.52\" src=\"data:image\/svg+xml;base64,PHN2ZyB3aWR0aD0iMSIgaGVpZ2h0PSIxIiB4bWxucz0iaHR0cDovL3d3dy53My5vcmcvMjAwMC9zdmciPjwvc3ZnPg==\" style=\"--smush-placeholder-width: 1280px; --smush-placeholder-aspect-ratio: 1280\/853;\" \/><\/figure><\/div><div class=\"swiper-slide\" role=\"group\" aria-roledescription=\"slide\" aria-label=\"7 de 7\"><figure class=\"swiper-slide-inner\"><img decoding=\"async\" class=\"swiper-slide-image lazyload\" data-src=\"https:\/\/alumnipucv.cl\/wp-content\/uploads\/2026\/08\/WhatsApp-Image-2026-08-31-at-16.05.53-1.jpeg\" alt=\"WhatsApp Image 2026-08-31 at 16.05.53 (1)\" src=\"data:image\/svg+xml;base64,PHN2ZyB3aWR0aD0iMSIgaGVpZ2h0PSIxIiB4bWxucz0iaHR0cDovL3d3dy53My5vcmcvMjAwMC9zdmciPjwvc3ZnPg==\" style=\"--smush-placeholder-width: 1280px; --smush-placeholder-aspect-ratio: 1280\/853;\" \/><\/figure><\/div>\t\t\t<\/div>\n\t\t\t\t\t\t\t\t\t\t\t\t<div class=\"elementor-swiper-button elementor-swiper-button-prev\" role=\"button\" tabindex=\"0\">\n\t\t\t\t\t\t<svg aria-hidden=\"true\" class=\"e-font-icon-svg e-eicon-chevron-left\" viewBox=\"0 0 1000 1000\" xmlns=\"http:\/\/www.w3.org\/2000\/svg\"><path d=\"M646 125C629 125 613 133 604 142L308 442C296 454 292 471 292 487 292 504 296 521 308 533L604 854C617 867 629 875 646 875 663 875 679 871 692 858 704 846 713 829 713 812 713 796 708 779 692 767L438 487 692 225C700 217 708 204 708 187 708 171 704 154 692 142 675 129 663 125 646 125Z\"><\/path><\/svg>\t\t\t\t\t<\/div>\n\t\t\t\t\t<div class=\"elementor-swiper-button elementor-swiper-button-next\" role=\"button\" tabindex=\"0\">\n\t\t\t\t\t\t<svg aria-hidden=\"true\" class=\"e-font-icon-svg e-eicon-chevron-right\" viewBox=\"0 0 1000 1000\" xmlns=\"http:\/\/www.w3.org\/2000\/svg\"><path d=\"M696 533C708 521 713 504 713 487 713 471 708 454 696 446L400 146C388 133 375 125 354 125 338 125 325 129 313 142 300 154 292 171 292 187 292 204 296 221 308 233L563 492 304 771C292 783 288 800 288 817 288 833 296 850 308 863 321 871 338 875 354 875 371 875 388 867 400 854L696 533Z\"><\/path><\/svg>\t\t\t\t\t<\/div>\n\t\t\t\t\n\t\t\t\t\t\t\t\t\t<div class=\"swiper-pagination\"><\/div>\n\t\t\t\t\t\t\t\t\t<\/div>\n\t\t\t\t\t\t<\/div>\n\t\t\t\t\t<\/div>\n\t\t\t\t<\/div>\n\t\t\t\t<\/div>\n\t\t","protected":false},"excerpt":{"rendered":"<p>El pasado viernes 28 de agosto se realiz\u00f3 el Encuentro Alumni PUCV de las generaciones 2024 y 2025, instancia que convoc\u00f3 a titulados y tituladas de distintas carreras de la Universidad con el prop\u00f3sito de&nbsp;acompa\u00f1arlos en sus primeros a\u00f1os de inserci\u00f3n laboral, conocer los principales desaf\u00edos que enfrentan en esta etapa y acercarles las distintas [&hellip;]<\/p>\n","protected":false},"author":4,"featured_media":18468,"comment_status":"closed","ping_status":"closed","sticky":false,"template":"","format":"standard","meta":{"footnotes":""},"categories":[10],"tags":[],"class_list":["post-18465","post","type-post","status-publish","format-standard","has-post-thumbnail","hentry","category-noticias"],"_links":{"self":[{"href":"https:\/\/alumnipucv.cl\/index.php?rest_route=\/wp\/v2\/posts\/18465","targetHints":{"allow":["GET"]}}],"collection":[{"href":"https:\/\/alumnipucv.cl\/index.php?rest_route=\/wp\/v2\/posts"}],"about":[{"href":"https:\/\/alumnipucv.cl\/index.php?rest_route=\/wp\/v2\/types\/post"}],"author":[{"embeddable":true,"href":"https:\/\/alumnipucv.cl\/index.php?rest_route=\/wp\/v2\/users\/4"}],"replies":[{"embeddable":true,"href":"https:\/\/alumnipucv.cl\/index.php?rest_route=%2Fwp%2Fv2%2Fcomments&post=18465"}],"version-history":[{"count":12,"href":"https:\/\/alumnipucv.cl\/index.php?rest_route=\/wp\/v2\/posts\/18465\/revisions"}],"predecessor-version":[{"id":18490,"href":"https:\/\/alumnipucv.cl\/index.php?rest_route=\/wp\/v2\/posts\/18465\/revisions\/18490"}],"wp:featuredmedia":[{"embeddable":true,"href":"https:\/\/alumnipucv.cl\/index.php?rest_route=\/wp\/v2\/media\/18468"}],"wp:attachment":[{"href":"https:\/\/alumnipucv.cl\/index.php?rest_route=%2Fwp%2Fv2%2Fmedia&parent=18465"}],"wp:term":[{"taxonomy":"category","embeddable":true,"href":"https:\/\/alumnipucv.cl\/index.php?rest_route=%2Fwp%2Fv2%2Fcategories&post=18465"},{"taxonomy":"post_tag","embeddable":true,"href":"https:\/\/alumnipucv.cl\/index.php?rest_route=%2Fwp%2Fv2%2Ftags&post=18465"}],"curies":[{"name":"wp","href":"https:\/\/api.w.org\/{rel}","templated":true}]}}