{"id":422,"date":"2023-07-31T17:52:26","date_gmt":"2023-07-31T21:52:26","guid":{"rendered":"https:\/\/alumni.pucv.cl\/?p=422"},"modified":"2026-04-08T19:08:42","modified_gmt":"2026-04-08T19:08:42","slug":"biblioteca-pucv","status":"publish","type":"post","link":"https:\/\/alumnipucv.cl\/?p=422","title":{"rendered":"Bibliotecas PUCV"},"content":{"rendered":"<p>Los titulados y graduados de la PUCV tienen acceso a un conjunto de servicios y recursos de Bibliotecas PUCV, tanto presenciales como virtuales.<\/p>\n<p>Por una parte, tienes las puertas abiertas de todas las Bibliotecas de la PUCV, para consultas de <strong>bibliograf\u00eda en sala<\/strong>, el uso de espacios como puestos de estudio individual y \u00e1reas de descanso.<\/p>\n<p>Adem\u00e1s, puedes acceder <strong>con tu correo PUCV<\/strong> a los <strong>recursos digitales suscritos<\/strong>, como las bases de datos multidisciplinarias y las colecciones de libros y revistas electr\u00f3nicas.<\/p>\n<p>Tambi\u00e9n tienes acceso a los <strong>Talleres Formativos<\/strong>. Estos son talleres orientados a estudiantes, profesores y ALUMNI para aportar en el desarrollo de habilidades, conocimientos y competencias de alfabetizaci\u00f3n informacional y acad\u00e9micas.<\/p>\n<p>\u00bfC\u00f3mo Inscribirse?<\/p>\n<p>Completando el siguiente <a href=\"https:\/\/docs.google.com\/forms\/d\/e\/1FAIpQLScoILbnAEJv49wUGJf6AQn7jA6JKXzrgBV6MI2WEE-DMxtooA\/viewform?fbzx=-1460265399053837233\">FORMULARIO (pinchar)<\/a>. Este se encontrar\u00e1 activo cuando las inscripciones est\u00e9n abiertas.<br \/>\nEn caso de requerir m\u00e1s informaci\u00f3n sobre este servicio o sugerir alg\u00fan tema para abordar en los talleres, puedes enviar un correo electr\u00f3nico a <a href=\"mailto:biblioteca@pucv.cl\">biblioteca@pucv.cl<\/a><\/p>\n<p>Accede a la <a href=\"http:\/\/biblioteca.ucv.cl\/\" target=\"_blank\" rel=\"noopener\">P\u00e1gina web de Bibliotecas PUCV<\/a><\/p>\n","protected":false},"excerpt":{"rendered":"<p>Los titulados y graduados de la PUCV tienen acceso a un conjunto de servicios y recursos de Bibliotecas PUCV, tanto presenciales como virtuales. Por una parte, tienes las puertas abiertas de todas las Bibliotecas de la PUCV, para consultas de bibliograf\u00eda en sala, el uso de espacios como puestos de estudio individual y \u00e1reas de [&hellip;]<\/p>\n","protected":false},"author":3,"featured_media":957,"comment_status":"closed","ping_status":"closed","sticky":false,"template":"","format":"image","meta":{"footnotes":""},"categories":[309,5],"tags":[],"class_list":["post-422","post","type-post","status-publish","format-image","has-post-thumbnail","hentry","category-beneficios-alumni","category-beneficios-pucv","post_format-post-format-image"],"_links":{"self":[{"href":"https:\/\/alumnipucv.cl\/index.php?rest_route=\/wp\/v2\/posts\/422","targetHints":{"allow":["GET"]}}],"collection":[{"href":"https:\/\/alumnipucv.cl\/index.php?rest_route=\/wp\/v2\/posts"}],"about":[{"href":"https:\/\/alumnipucv.cl\/index.php?rest_route=\/wp\/v2\/types\/post"}],"author":[{"embeddable":true,"href":"https:\/\/alumnipucv.cl\/index.php?rest_route=\/wp\/v2\/users\/3"}],"replies":[{"embeddable":true,"href":"https:\/\/alumnipucv.cl\/index.php?rest_route=%2Fwp%2Fv2%2Fcomments&post=422"}],"version-history":[{"count":1,"href":"https:\/\/alumnipucv.cl\/index.php?rest_route=\/wp\/v2\/posts\/422\/revisions"}],"predecessor-version":[{"id":16485,"href":"https:\/\/alumnipucv.cl\/index.php?rest_route=\/wp\/v2\/posts\/422\/revisions\/16485"}],"wp:featuredmedia":[{"embeddable":true,"href":"https:\/\/alumnipucv.cl\/index.php?rest_route=\/wp\/v2\/media\/957"}],"wp:attachment":[{"href":"https:\/\/alumnipucv.cl\/index.php?rest_route=%2Fwp%2Fv2%2Fmedia&parent=422"}],"wp:term":[{"taxonomy":"category","embeddable":true,"href":"https:\/\/alumnipucv.cl\/index.php?rest_route=%2Fwp%2Fv2%2Fcategories&post=422"},{"taxonomy":"post_tag","embeddable":true,"href":"https:\/\/alumnipucv.cl\/index.php?rest_route=%2Fwp%2Fv2%2Ftags&post=422"}],"curies":[{"name":"wp","href":"https:\/\/api.w.org\/{rel}","templated":true}]}}