{"id":463,"date":"2023-07-31T18:56:22","date_gmt":"2023-07-31T22:56:22","guid":{"rendered":"https:\/\/alumni.pucv.cl\/?p=463"},"modified":"2026-04-08T19:07:11","modified_gmt":"2026-04-08T19:07:11","slug":"programa-de-aleman-pucv-pale","status":"publish","type":"post","link":"https:\/\/alumnipucv.cl\/?p=463","title":{"rendered":"Programa de Alem\u00e1n PUCV- PALE"},"content":{"rendered":"<div class=\"CUERPO\">\n<p style=\"background: white;\"><span style=\"font-size: 10.5pt; font-family: Poppins; color: #16205b;\">El PALE ofrece cada semestre cursos de alem\u00e1n en todos los niveles seg\u00fan el\u00a0<b style=\"box-sizing: border-box;\"><a style=\"box-sizing: border-box; outline: none !important; -webkit-tap-highlight-color: rgba(0, 0, 0, 0.3);\" href=\"https:\/\/cvc.cervantes.es\/ensenanza\/biblioteca_ele\/marco\/default.htm\" target=\"_blank\" rel=\"noopener\"><span style=\"color: #1f299c; text-decoration: none; text-underline: none;\">Marco Com\u00fan Europeo de Referencia para las lenguas (MCER)<\/span><\/a><\/b>como tambi\u00e9n\u00a0<b style=\"box-sizing: border-box;\">un curso intensivo de verano<\/b>\u00a0en enero de cada a\u00f1o.<\/span><\/p>\n<p style=\"background: white; box-sizing: border-box; hyphens: inherit; font-variant-ligatures: normal; font-variant-caps: normal; orphans: 2; text-align: start; widows: 2; -webkit-text-stroke-width: 0px; text-decoration-thickness: initial; text-decoration-style: initial; text-decoration-color: initial; word-spacing: 0px;\"><span style=\"font-size: 10.5pt; font-family: Poppins; color: #16205b;\">Tambi\u00e9n se ofrecen cursos extracurriculares con foco en distintos temas actuales de la cultura e idioma alem\u00e1n y capacitaciones para profesores de alem\u00e1n como lengua extranjera.<\/span><\/p>\n<p style=\"background: white; box-sizing: border-box; hyphens: inherit; font-variant-ligatures: normal; font-variant-caps: normal; orphans: 2; text-align: start; widows: 2; -webkit-text-stroke-width: 0px; text-decoration-thickness: initial; text-decoration-style: initial; text-decoration-color: initial; word-spacing: 0px;\"><span style=\"font-size: 10.5pt; font-family: Poppins; color: #16205b;\">Los cursos est\u00e1n abiertos a toda la comunidad de la PUCV, incluyendo a titulados y graduados PUCV. Las clases se desarrollan de manera presencial, virtual o h\u00edbrida.<\/span><\/p>\n<p><strong>M\u00e1s informaci\u00f3n<\/strong><\/p>\n<p>El PALE es dirigido por el lectorado del <a href=\"http:\/\/www.daad.cl\/\" target=\"_blank\" rel=\"noopener\"><b>DAAD<\/b><\/a><b>\u00a0(D<\/b>eutscher<b>\u00a0A<\/b>kademischer<b>\u00a0A<\/b>ustausch<b>d<\/b>ienst \u2013\u00a0<b>Servicio Alem\u00e1n de Intercambio Acad\u00e9mico<\/b>) que, a trav\u00e9s de charlas o asesor\u00edas individuales, informa sobre posibilidades de estudiar e investigar en Alemania, y organiza eventos para apoyar y fomentar el intercambio cultural entre Chile y Alemania \u2013 entre ellos el\u00a0<b>Stammtisch<\/b>\u00a0PALEencuentro, el festival internacional de poes\u00eda\u00a0<a href=\"https:\/\/latinalesur.org\/22\/\" target=\"_blank\" rel=\"noopener\"><b>LATINALE SUR<\/b><\/a>\u00a0y la competencia internacional de Pitch\u00a0<a href=\"https:\/\/www.daad.cl\/es\/fallingwalls\/\" target=\"_blank\" rel=\"noopener\"><b>Falling Walls Lab<\/b><\/a>.<\/p>\n<\/div>\n<p>En caso de querer m\u00e1s informaci\u00f3n sobre cursos e informaci\u00f3n relevante te sugerimos revisar su Instagram @pale_pucv<\/p>\n<section class=\"descargable descargable--archivo\"><\/section>\n","protected":false},"excerpt":{"rendered":"<p>El PALE ofrece cada semestre cursos de alem\u00e1n en todos los niveles seg\u00fan el\u00a0Marco Com\u00fan Europeo de Referencia para las lenguas (MCER)como tambi\u00e9n\u00a0un curso intensivo de verano\u00a0en enero de cada a\u00f1o. Tambi\u00e9n se ofrecen cursos extracurriculares con foco en distintos temas actuales de la cultura e idioma alem\u00e1n y capacitaciones para profesores de alem\u00e1n como [&hellip;]<\/p>\n","protected":false},"author":3,"featured_media":949,"comment_status":"closed","ping_status":"closed","sticky":false,"template":"","format":"image","meta":{"footnotes":""},"categories":[309,5],"tags":[],"class_list":["post-463","post","type-post","status-publish","format-image","has-post-thumbnail","hentry","category-beneficios-alumni","category-beneficios-pucv","post_format-post-format-image"],"_links":{"self":[{"href":"https:\/\/alumnipucv.cl\/index.php?rest_route=\/wp\/v2\/posts\/463","targetHints":{"allow":["GET"]}}],"collection":[{"href":"https:\/\/alumnipucv.cl\/index.php?rest_route=\/wp\/v2\/posts"}],"about":[{"href":"https:\/\/alumnipucv.cl\/index.php?rest_route=\/wp\/v2\/types\/post"}],"author":[{"embeddable":true,"href":"https:\/\/alumnipucv.cl\/index.php?rest_route=\/wp\/v2\/users\/3"}],"replies":[{"embeddable":true,"href":"https:\/\/alumnipucv.cl\/index.php?rest_route=%2Fwp%2Fv2%2Fcomments&post=463"}],"version-history":[{"count":1,"href":"https:\/\/alumnipucv.cl\/index.php?rest_route=\/wp\/v2\/posts\/463\/revisions"}],"predecessor-version":[{"id":16479,"href":"https:\/\/alumnipucv.cl\/index.php?rest_route=\/wp\/v2\/posts\/463\/revisions\/16479"}],"wp:featuredmedia":[{"embeddable":true,"href":"https:\/\/alumnipucv.cl\/index.php?rest_route=\/wp\/v2\/media\/949"}],"wp:attachment":[{"href":"https:\/\/alumnipucv.cl\/index.php?rest_route=%2Fwp%2Fv2%2Fmedia&parent=463"}],"wp:term":[{"taxonomy":"category","embeddable":true,"href":"https:\/\/alumnipucv.cl\/index.php?rest_route=%2Fwp%2Fv2%2Fcategories&post=463"},{"taxonomy":"post_tag","embeddable":true,"href":"https:\/\/alumnipucv.cl\/index.php?rest_route=%2Fwp%2Fv2%2Ftags&post=463"}],"curies":[{"name":"wp","href":"https:\/\/api.w.org\/{rel}","templated":true}]}}